{"id":4732,"date":"2026-07-17T12:35:30","date_gmt":"2026-07-17T15:35:30","guid":{"rendered":"https:\/\/jornalproclamai.com.br\/?p=4732"},"modified":"2026-07-21T17:06:44","modified_gmt":"2026-07-21T20:06:44","slug":"am-acampamento-de-criancas-2026","status":"publish","type":"post","link":"https:\/\/jornalproclamai.com.br\/?p=4732","title":{"rendered":"AM-ACAMPAMENTO DE CRIANCAS 2026"},"content":{"rendered":"\t\t<div data-elementor-type=\"wp-post\" data-elementor-id=\"4732\" class=\"elementor elementor-4732\">\n\t\t\t\t<div class=\"elementor-element elementor-element-cca3a97 e-flex e-con-boxed e-con e-parent\" data-id=\"cca3a97\" data-element_type=\"container\" data-e-type=\"container\">\n\t\t\t\t\t<div class=\"e-con-inner\">\n\t\t\t\t<div class=\"elementor-element elementor-element-2462904 elementor-widget elementor-widget-heading\" data-id=\"2462904\" data-element_type=\"widget\" data-e-type=\"widget\" data-widget_type=\"heading.default\">\n\t\t\t\t<div class=\"elementor-widget-container\">\n\t\t\t\t\t<h2 class=\"elementor-heading-title elementor-size-default\">Bem Vindo ao <br>ACAMPAMENTO DE CRIAN\u00c7AS 2026!<\/h2>\t\t\t\t<\/div>\n\t\t\t\t<\/div>\n\t\t\t\t\t<\/div>\n\t\t\t\t<\/div>\n\t\t<div class=\"elementor-element elementor-element-635a267 e-grid e-con-boxed e-con e-parent\" data-id=\"635a267\" data-element_type=\"container\" data-e-type=\"container\">\n\t\t\t\t\t<div class=\"e-con-inner\">\n\t\t\t\t<div class=\"elementor-element elementor-element-6f06a3d elementor-widget elementor-widget-image\" data-id=\"6f06a3d\" data-element_type=\"widget\" data-e-type=\"widget\" data-widget_type=\"image.default\">\n\t\t\t\t<div class=\"elementor-widget-container\">\n\t\t\t\t\t\t\t\t\t\t\t\t\t\t\t<img fetchpriority=\"high\" decoding=\"async\" width=\"768\" height=\"1087\" src=\"https:\/\/jornalproclamai.com.br\/wp-content\/uploads\/2026\/07\/AcampamentoCriancas2026-768x1087.png\" class=\"attachment-medium_large size-medium_large wp-image-4742\" alt=\"\" srcset=\"https:\/\/jornalproclamai.com.br\/wp-content\/uploads\/2026\/07\/AcampamentoCriancas2026-768x1087.png 768w, https:\/\/jornalproclamai.com.br\/wp-content\/uploads\/2026\/07\/AcampamentoCriancas2026-212x300.png 212w, https:\/\/jornalproclamai.com.br\/wp-content\/uploads\/2026\/07\/AcampamentoCriancas2026-723x1024.png 723w, https:\/\/jornalproclamai.com.br\/wp-content\/uploads\/2026\/07\/AcampamentoCriancas2026.png 1054w\" sizes=\"(max-width: 768px) 100vw, 768px\" \/>\t\t\t\t\t\t\t\t\t\t\t\t\t\t\t<\/div>\n\t\t\t\t<\/div>\n\t\t\t\t<div class=\"elementor-element elementor-element-196dcae elementor-widget elementor-widget-text-editor\" data-id=\"196dcae\" data-element_type=\"widget\" data-e-type=\"widget\" data-widget_type=\"text-editor.default\">\n\t\t\t\t<div class=\"elementor-widget-container\">\n\t\t\t\t\t\t\t\t\t<p style=\"margin-bottom: 1.5em; color: #7a7a7a; font-family: Cabin, sans-serif; font-size: 16px; font-style: normal; font-variant-ligatures: normal; font-variant-caps: normal; font-weight: 400; background-color: #ffffff;\">Esse ano com o tema:<span style=\"font-weight: bolder;\"> Jesus e as Crian\u00e7as!<\/span><br \/>Que bom que voc\u00ea decidiu passar esse momento com a gente!<br \/>As inscri\u00e7\u00f5es se <span style=\"font-weight: bolder;\">encerram <\/span>no dia <span style=\"font-weight: bolder;\">20\/07\/2026 \u00e0s 23:59h. <\/span>N\u00e3o ser\u00e3o aceitas inscri\u00e7\u00f5es ap\u00f3s essa data, ent\u00e3o n\u00e3o deixe pra \u00faltima hora!<br \/>O Acampamento de Crian\u00e7as ser\u00e1 no <span style=\"font-weight: bolder;\">Acampamento Wesleyano Vale da Decis\u00e3o<\/span>, com uma infraestrutura perfeita pra te receber!!<\/p>\n<p style=\"margin-bottom: 1.5em; color: #7a7a7a; font-family: Cabin, sans-serif; font-size: 16px; font-style: normal; font-variant-ligatures: normal; font-variant-caps: normal; font-weight: 400; background-color: #ffffff;\">\u00a0<\/p>\n<p style=\"margin-bottom: 1.5em; color: #7a7a7a; font-family: Cabin, sans-serif; font-size: 16px; font-style: normal; font-variant-ligatures: normal; font-variant-caps: normal; font-weight: 400; background-color: #ffffff;\">Crian\u00e7as 7 a 13 anos R$ 100,00<\/p>\t\t\t\t\t\t\t\t<\/div>\n\t\t\t\t<\/div>\n\t\t\t\t\t<\/div>\n\t\t\t\t<\/div>\n\t\t<div class=\"elementor-element elementor-element-53b0243 e-flex e-con-boxed e-con e-parent\" data-id=\"53b0243\" data-element_type=\"container\" data-e-type=\"container\">\n\t\t\t\t\t<div class=\"e-con-inner\">\n\t\t\t\t<div class=\"elementor-element elementor-element-e6c7d54 elementor-widget elementor-widget-text-editor\" data-id=\"e6c7d54\" data-element_type=\"widget\" data-e-type=\"widget\" data-widget_type=\"text-editor.default\">\n\t\t\t\t<div class=\"elementor-widget-container\">\n\t\t\t\t\t\t\t\t\t<p class=\"has-text-align-center\" style=\"margin-bottom: 1.5em; color: #7a7a7a; font-family: Cabin, sans-serif; font-size: 16px; font-style: normal; font-variant-ligatures: normal; font-variant-caps: normal; font-weight: 400; background-color: #ffffff;\">N\u00e3o deixe para<span style=\"font-weight: bolder;\"> \u00faltima hora,<\/span> fa\u00e7a sua inscri\u00e7\u00e3o <span style=\"font-weight: bolder;\">agora mesmo!<\/span><\/p>\n<p class=\"has-text-align-center\" style=\"margin-bottom: 1.5em; color: #7a7a7a; font-family: Cabin, sans-serif; font-size: 16px; font-style: normal; font-variant-ligatures: normal; font-variant-caps: normal; font-weight: 400; background-color: #ffffff;\">Clique <a style=\"background-color: transparent; color: #4169e1; text-decoration: underline !important;\" href=\"https:\/\/forms.gle\/936VM6Gm1DYh2T1B6\" target=\"_blank\" rel=\"noopener\">aqui <\/a>para fazer sua inscri\u00e7\u00e3o!<\/p>\n<p class=\"has-text-align-center\" style=\"margin-bottom: 1.5em; color: #7a7a7a; font-family: Cabin, sans-serif; font-size: 16px; font-style: normal; font-variant-ligatures: normal; font-variant-caps: normal; font-weight: 400; background-color: #ffffff;\"><span style=\"font-weight: bolder;\">Mais informa\u00e7\u00f5es? Liga!!<\/span><br \/>(92)99510-0055 Avanir<\/p>\n<p style=\"margin-bottom: 1.5em; color: #7a7a7a; font-family: Cabin, sans-serif; font-size: 16px; font-style: normal; font-variant-ligatures: normal; font-variant-caps: normal; font-weight: 400; background-color: #ffffff; text-align: center;\">\u00a0<\/p>\n<p class=\"has-text-align-center\" style=\"margin-bottom: 1.5em; color: #7a7a7a; font-family: Cabin, sans-serif; font-size: 16px; font-style: normal; font-variant-ligatures: normal; font-variant-caps: normal; font-weight: 400; background-color: #ffffff;\"><span style=\"font-weight: bolder;\">Quer fazer Pagamento?<\/span><br \/>Chave PIX 04.825.444\/0002-06<\/p>\t\t\t\t\t\t\t\t<\/div>\n\t\t\t\t<\/div>\n\t\t\t\t\t<\/div>\n\t\t\t\t<\/div>\n\t\t\t\t<\/div>\n\t\t","protected":false},"excerpt":{"rendered":"<p>Bem Vindo ao ACAMPAMENTO DE CRIAN\u00c7AS 2026! Esse ano com o tema: Jesus e as Crian\u00e7as!Que bom que voc\u00ea decidiu passar esse momento com a gente!As inscri\u00e7\u00f5es se encerram no dia 20\/07\/2026 \u00e0s 23:59h. N\u00e3o ser\u00e3o aceitas inscri\u00e7\u00f5es ap\u00f3s essa data, ent\u00e3o n\u00e3o deixe pra \u00faltima hora!O Acampamento de Crian\u00e7as ser\u00e1 no Acampamento Wesleyano Vale [&hellip;]<\/p>\n","protected":false},"author":4,"featured_media":4733,"comment_status":"closed","ping_status":"open","sticky":false,"template":"","format":"standard","meta":{"footnotes":""},"categories":[19],"tags":[35,36,25],"class_list":["post-4732","post","type-post","status-publish","format-standard","has-post-thumbnail","hentry","category-eventos","tag-acampamentokids","tag-criancas","tag-ebd"],"blocksy_meta":[],"_links":{"self":[{"href":"https:\/\/jornalproclamai.com.br\/index.php?rest_route=\/wp\/v2\/posts\/4732","targetHints":{"allow":["GET"]}}],"collection":[{"href":"https:\/\/jornalproclamai.com.br\/index.php?rest_route=\/wp\/v2\/posts"}],"about":[{"href":"https:\/\/jornalproclamai.com.br\/index.php?rest_route=\/wp\/v2\/types\/post"}],"author":[{"embeddable":true,"href":"https:\/\/jornalproclamai.com.br\/index.php?rest_route=\/wp\/v2\/users\/4"}],"replies":[{"embeddable":true,"href":"https:\/\/jornalproclamai.com.br\/index.php?rest_route=%2Fwp%2Fv2%2Fcomments&post=4732"}],"version-history":[{"count":11,"href":"https:\/\/jornalproclamai.com.br\/index.php?rest_route=\/wp\/v2\/posts\/4732\/revisions"}],"predecessor-version":[{"id":4772,"href":"https:\/\/jornalproclamai.com.br\/index.php?rest_route=\/wp\/v2\/posts\/4732\/revisions\/4772"}],"wp:featuredmedia":[{"embeddable":true,"href":"https:\/\/jornalproclamai.com.br\/index.php?rest_route=\/wp\/v2\/media\/4733"}],"wp:attachment":[{"href":"https:\/\/jornalproclamai.com.br\/index.php?rest_route=%2Fwp%2Fv2%2Fmedia&parent=4732"}],"wp:term":[{"taxonomy":"category","embeddable":true,"href":"https:\/\/jornalproclamai.com.br\/index.php?rest_route=%2Fwp%2Fv2%2Fcategories&post=4732"},{"taxonomy":"post_tag","embeddable":true,"href":"https:\/\/jornalproclamai.com.br\/index.php?rest_route=%2Fwp%2Fv2%2Ftags&post=4732"}],"curies":[{"name":"wp","href":"https:\/\/api.w.org\/{rel}","templated":true}]}}