{"id":4785,"date":"2026-09-02T16:37:42","date_gmt":"2026-09-02T19:37:42","guid":{"rendered":"https:\/\/jornalproclamai.com.br\/?p=4785"},"modified":"2026-09-02T16:50:00","modified_gmt":"2026-09-02T19:50:00","slug":"curso-introdutivo-apec","status":"publish","type":"post","link":"https:\/\/jornalproclamai.com.br\/?p=4785","title":{"rendered":"CURSO INTRODUTIVO APEC"},"content":{"rendered":"\n<figure class=\"wp-block-image size-full\"><img fetchpriority=\"high\" decoding=\"async\" width=\"530\" height=\"382\" src=\"https:\/\/jornalproclamai.com.br\/wp-content\/uploads\/2026\/09\/APEC.png\" alt=\"\" class=\"wp-image-4786\" srcset=\"https:\/\/jornalproclamai.com.br\/wp-content\/uploads\/2026\/09\/APEC.png 530w, https:\/\/jornalproclamai.com.br\/wp-content\/uploads\/2026\/09\/APEC-300x216.png 300w\" sizes=\"(max-width: 530px) 100vw, 530px\" \/><\/figure>\n\n\n\n<p class=\"wp-block-paragraph\">Neste <strong>s\u00e1bado, 26 de setembro de 2026<\/strong>, das <strong>8h \u00e0s 17h30<\/strong>, a <strong>Igreja Evang\u00e9lica Wesleyana de Flores<\/strong>, no <strong>Semin\u00e1rio Wesleyano<\/strong>, receberemos um importante treinamento voltado \u00e0queles que desejam servir na evangeliza\u00e7\u00e3o e no ensino de crian\u00e7as.<\/p>\n\n\n\n<h3 class=\"wp-block-heading\">\ud83d\udcda Curso Introdut\u00f3rio para Professores Evangelistas de Crian\u00e7as<\/h3>\n\n\n\n<p class=\"wp-block-paragraph\">O curso ser\u00e1 realizado pela <strong>APEC \u2013 Alian\u00e7a Pr\u00f3 Evangeliza\u00e7\u00e3o das Crian\u00e7as<\/strong> e tem como objetivo capacitar professores e l\u00edderes para o trabalho de evangeliza\u00e7\u00e3o, discipulado e ensino b\u00edblico das crian\u00e7as.<\/p>\n\n\n\n<p class=\"wp-block-paragraph\">Como o pr\u00f3prio nome indica, trata-se de um <strong>curso introdut\u00f3rio<\/strong>, que abordar\u00e1 temas fundamentais para quem deseja desenvolver um minist\u00e9rio eficaz com o p\u00fablico infantil, entre eles:<\/p>\n\n\n\n<ul class=\"wp-block-list\">\n<li><strong>M\u00e9todos eficazes para o evangelismo infantil<\/strong><\/li>\n\n\n\n<li><strong>Como conduzir crian\u00e7as a Cristo<\/strong><\/li>\n\n\n\n<li><strong>Aconselhamento de crian\u00e7as<\/strong><\/li>\n\n\n\n<li><strong>Como ensinar as crian\u00e7as que j\u00e1 foram salvas<\/strong><\/li>\n\n\n\n<li><strong>Bases b\u00edblicas para o minist\u00e9rio infantil<\/strong><\/li>\n<\/ul>\n\n\n\n<h3 class=\"wp-block-heading\">Um momento de capacita\u00e7\u00e3o e prepara\u00e7\u00e3o<\/h3>\n\n\n\n<p class=\"wp-block-paragraph\">Todas as nossas <strong>Igrejas Wesleyanas foram convidadas<\/strong> a participar deste momento, e estar\u00e3o representadas por seus l\u00edderes e professores.<\/p>\n\n\n\n<p class=\"wp-block-paragraph\">Cremos que este treinamento ser\u00e1 uma importante ferramenta para a <strong>forma\u00e7\u00e3o e capacita\u00e7\u00e3o dos l\u00edderes e professores da Escola B\u00edblica Dominical<\/strong>, fortalecendo ainda mais o trabalho de ensino e evangeliza\u00e7\u00e3o realizado em nossas igrejas.<\/p>\n\n\n\n<p class=\"wp-block-paragraph\">O treinamento ser\u00e1 ministrado pela <strong>Pra. Sandra Sarlete<\/strong>, mission\u00e1ria da <strong>APEC<\/strong>, que estar\u00e1 compartilhando conhecimentos, experi\u00eancias e princ\u00edpios fundamentais para o minist\u00e9rio com crian\u00e7as.<\/p>\n\n\n\n<h3 class=\"wp-block-heading\">\ud83d\udcc5 Anote na agenda!<\/h3>\n\n\n\n<p class=\"wp-block-paragraph\"><strong>\ud83d\udccd Local:<\/strong> Igreja Evang\u00e9lica Wesleyana de Flores \u2013 Semin\u00e1rio Wesleyano<br><strong>\ud83d\udcc5 Data:<\/strong> S\u00e1bado, 26 de setembro de 2026<br><strong>\u23f0 Hor\u00e1rio:<\/strong> Das 8h \u00e0s 17h30<br><strong>\ud83d\udcd6 Realiza\u00e7\u00e3o:<\/strong> APEC \u2013 Alian\u00e7a Pr\u00f3 Evangeliza\u00e7\u00e3o das Crian\u00e7as<\/p>\n\n\n\n<p class=\"wp-block-paragraph\"><strong>Esperamos voc\u00ea neste s\u00e1bado!<\/strong><\/p>\n\n\n\n<p class=\"wp-block-paragraph\">Que este seja um tempo de aprendizado, comunh\u00e3o e, acima de tudo, de prepara\u00e7\u00e3o para cumprirmos com excel\u00eancia a miss\u00e3o de <strong>levar cada crian\u00e7a a conhecer, amar e seguir a Cristo.<\/strong><\/p>\n\n\n\n<p class=\"wp-block-paragraph\"><strong>Vamos juntos nessa miss\u00e3o!<\/strong> <\/p>\n\n\n\n<hr class=\"wp-block-separator has-alpha-channel-opacity\"\/>\n\n\n\n<blockquote class=\"wp-block-quote is-layout-flow wp-block-quote-is-layout-flow\">\n<p class=\"wp-block-paragraph\">\u201cQuer voc\u00ea goste ou n\u00e3o, alcan\u00e7ar e ensinar as crian\u00e7as do mundo de hoje \u00e9 uma quest\u00e3o de vida ou morte. Que voc\u00ea seja encontrado fiel enquanto transmite a Palavra da Vida para uma gera\u00e7\u00e3o em perigo!\u201d (Warren W. Wiersbe)<\/p>\n<\/blockquote>\n\n\n\n<p class=\"has-text-align-center wp-block-paragraph\"><br>H\u00e1 necessidade urgente de milhares serem ensinados a evangelizar\u2026<br>HA APEC \u00e9 uma alian\u00e7a de pessoas que ama ao Senhor Jesus e que trabalha a favor, e junto, daqueles que servem, muitas vezes, em silencio e despercebidas, no maior e mais esquecido campo mission\u00e1rio do mundo \u2013 aqueles que est\u00e3o na faixa et\u00e1ria do nascimento at\u00e9 os 14, a chamada JANELA 0\/14. <br>JUNTE-SE A APEC!<\/p>\n\n\n\n<p class=\"has-text-align-center wp-block-paragraph\"><\/p>\n","protected":false},"excerpt":{"rendered":"<p>Neste s\u00e1bado, 26 de setembro de 2026, das 8h \u00e0s 17h30, a Igreja Evang\u00e9lica Wesleyana de Flores, no Semin\u00e1rio Wesleyano, receberemos um importante treinamento voltado \u00e0queles que desejam servir na evangeliza\u00e7\u00e3o e no ensino de crian\u00e7as. \ud83d\udcda Curso Introdut\u00f3rio para Professores Evangelistas de Crian\u00e7as O curso ser\u00e1 realizado pela APEC \u2013 Alian\u00e7a Pr\u00f3 Evangeliza\u00e7\u00e3o das [&hellip;]<\/p>\n","protected":false},"author":4,"featured_media":4786,"comment_status":"open","ping_status":"open","sticky":false,"template":"","format":"standard","meta":{"footnotes":""},"categories":[18,19],"tags":[],"class_list":["post-4785","post","type-post","status-publish","format-standard","has-post-thumbnail","hentry","category-noticias","category-eventos"],"blocksy_meta":[],"_links":{"self":[{"href":"https:\/\/jornalproclamai.com.br\/index.php?rest_route=\/wp\/v2\/posts\/4785","targetHints":{"allow":["GET"]}}],"collection":[{"href":"https:\/\/jornalproclamai.com.br\/index.php?rest_route=\/wp\/v2\/posts"}],"about":[{"href":"https:\/\/jornalproclamai.com.br\/index.php?rest_route=\/wp\/v2\/types\/post"}],"author":[{"embeddable":true,"href":"https:\/\/jornalproclamai.com.br\/index.php?rest_route=\/wp\/v2\/users\/4"}],"replies":[{"embeddable":true,"href":"https:\/\/jornalproclamai.com.br\/index.php?rest_route=%2Fwp%2Fv2%2Fcomments&post=4785"}],"version-history":[{"count":4,"href":"https:\/\/jornalproclamai.com.br\/index.php?rest_route=\/wp\/v2\/posts\/4785\/revisions"}],"predecessor-version":[{"id":4791,"href":"https:\/\/jornalproclamai.com.br\/index.php?rest_route=\/wp\/v2\/posts\/4785\/revisions\/4791"}],"wp:featuredmedia":[{"embeddable":true,"href":"https:\/\/jornalproclamai.com.br\/index.php?rest_route=\/wp\/v2\/media\/4786"}],"wp:attachment":[{"href":"https:\/\/jornalproclamai.com.br\/index.php?rest_route=%2Fwp%2Fv2%2Fmedia&parent=4785"}],"wp:term":[{"taxonomy":"category","embeddable":true,"href":"https:\/\/jornalproclamai.com.br\/index.php?rest_route=%2Fwp%2Fv2%2Fcategories&post=4785"},{"taxonomy":"post_tag","embeddable":true,"href":"https:\/\/jornalproclamai.com.br\/index.php?rest_route=%2Fwp%2Fv2%2Ftags&post=4785"}],"curies":[{"name":"wp","href":"https:\/\/api.w.org\/{rel}","templated":true}]}}