{"id":4793,"date":"2026-09-03T10:34:30","date_gmt":"2026-09-03T13:34:30","guid":{"rendered":"https:\/\/jornalproclamai.com.br\/?p=4793"},"modified":"2026-09-03T10:34:58","modified_gmt":"2026-09-03T13:34:58","slug":"em-mocambique-o-evangelho-avanca","status":"publish","type":"post","link":"https:\/\/jornalproclamai.com.br\/?p=4793","title":{"rendered":"Em Mo\u00e7ambique o Evangelho avan\u00e7a\u00a0"},"content":{"rendered":"\n<p class=\"wp-block-paragraph\"><!-- NOT\u00cdCIA MISSION\u00c1RIA | WordPress --><\/p>\n\n\n\n<article style=\"font-family:Arial,Helvetica,sans-serif;line-height:1.7;color:#222;max-width:900px;margin:auto;\">\n<div style=\"border-bottom:4px solid #1f4e79;padding-bottom:18px;margin-bottom:25px;\">\n<div style=\"font-size:13px;font-weight:bold;color:#777;text-transform:uppercase;\">NOT\u00cdCIA MISSION\u00c1RIA \u2022 AGOSTO DE 2026<\/div>\n<h1 style=\"font-size:38px;line-height:1.15;margin:10px 0;color:#1f4e79;\">\n      Miss\u00e3o em Mo\u00e7ambique: o Evangelho avan\u00e7a em meio a grandes desafios<br>\n    <\/h1>\n<p style=\"font-size:19px;color:#555;margin:0;\">\n      Mais de 30 pessoas foram batizadas, uma nova c\u00e9lula foi aberta e a igreja registra crescimento no norte de Mo\u00e7ambique.\n    <\/p>\n<p><\/p><\/div>\n<p><strong>NORTE DE MO\u00c7AMBIQUE \u2014 \u00c1FRICA.<\/strong> A obra mission\u00e1ria no norte de Mo\u00e7ambique continua avan\u00e7ando. Em meio aos desafios enfrentados no campo, o m\u00eas de agosto foi marcado por vidas alcan\u00e7adas, batismos, abertura de uma nova c\u00e9lula e crescimento da igreja.<\/p>\n<div style=\"background:#f1f5f8;border-left:6px solid #1f4e79;padding:18px 22px;margin:28px 0;\">\n    <strong>DESTAQUES DO M\u00caS<\/strong><br>\n    \ud83d\udca7 Mais de 30 pessoas foram batizadas em Kazuzu.<br>\n    \ud83c\udfe0 Uma nova c\u00e9lula foi aberta em Mueria.<br>\n    \ud83c\udf31 A igreja apresentou crescimento satisfat\u00f3rio em Moma.\n<img decoding=\"async\" src=\"https:\/\/jornalproclamai.com.br\/wp-content\/uploads\/2026\/09\/batismo.jpg\" alt=\"Descri\u00e7\u00e3o da imagem\" style=\"max-width:100%; height:auto;\">\n  <\/div>\n<h2 style=\"color:#1f4e79;\">\ud83d\udca7 Mais de 30 almas descem \u00e0s \u00e1guas<\/h2>\n<p>Uma das principais not\u00edcias do m\u00eas veio da <strong>aldeia de Kazuzu<\/strong>, onde mais de 30 pessoas desceram \u00e0s \u00e1guas do batismo.<\/p>\n<h2 style=\"color:#1f4e79;\">\ud83c\udfe0 Nova c\u00e9lula \u00e9 aberta em Mueria<\/h2>\n<p>Outra conquista registrada durante o m\u00eas foi a abertura de mais uma c\u00e9lula na <strong>comunidade de Mueria<\/strong>.<\/p>\n<img decoding=\"async\" src=\"https:\/\/jornalproclamai.com.br\/wp-content\/uploads\/2026\/09\/celula.jpg\" alt=\"Descri\u00e7\u00e3o da imagem\" style=\"max-width:100%; height:auto;\">\n<h2 style=\"color:#1f4e79;\">\ud83c\udf31 Crescimento da igreja em Moma<\/h2>\n<p>Na <strong>aldeia de Moma<\/strong>, os mission\u00e1rios visitaram e fortaleceram o rebanho do Senhor. Durante a visita, foi observado um crescimento satisfat\u00f3rio da igreja.<\/p>\n<img decoding=\"async\" src=\"https:\/\/jornalproclamai.com.br\/wp-content\/uploads\/2026\/09\/aldeiadeMOMA.jpg\" alt=\"Descri\u00e7\u00e3o da imagem\" style=\"max-width:100%; height:auto;\">\n<div style=\"background:#fff4e5;border:2px solid #e0a33a;border-radius:8px;padding:22px;margin:32px 0;\">\n<h2 style=\"margin-top:0;color:#9a6500;\">\u26a0\ufe0f NECESSIDADES URGENTES E PEDIDO DE ORA\u00c7\u00c3O<\/h2>\n<p>Os dois \u00fanicos meios de transporte da miss\u00e3o est\u00e3o com avarias mec\u00e2nicas, dificultando a continuidade do trabalho de levar Cristo \u00e0s comunidades.<\/p>\n<p>O carro da miss\u00e3o precisa de acess\u00f3rios para sua recupera\u00e7\u00e3o, enquanto a motocicleta encontra-se em estado avan\u00e7ado de avaria e necessita de uma reforma.<\/p>\n<img decoding=\"async\" src=\"https:\/\/jornalproclamai.com.br\/wp-content\/uploads\/2026\/09\/carro.jpg\" alt=\"Descri\u00e7\u00e3o da imagem\" style=\"max-width:100%; height:auto;\">\n<p><strong>Ore pela provis\u00e3o dos recursos necess\u00e1rios e pela continuidade da obra mission\u00e1ria.<\/strong><\/p>\n<img decoding=\"async\" src=\"https:\/\/jornalproclamai.com.br\/wp-content\/uploads\/2026\/09\/moto.jpg\" alt=\"Descri\u00e7\u00e3o da imagem\" style=\"max-width:100%; height:auto;\">\n<p><\/p><\/div>\n<blockquote style=\"border-left:5px solid #1f4e79;margin:30px 0;padding:15px 22px;background:#f7f7f7;font-size:18px;\"><p>\n    \u201cAgradecemos o imensur\u00e1vel apoio que temos recebido de voc\u00eas, amados. Voc\u00eas est\u00e3o nos nossos cora\u00e7\u00f5es e lembramos sempre de voc\u00eas nas nossas ora\u00e7\u00f5es.\u201d\n  <\/p><\/blockquote>\n<div style=\"border-top:1px solid #ddd;padding-top:20px;margin-top:30px;\">\n<h3 style=\"color:#1f4e79;\">Prs. Abel e Laura Nove<\/h3>\n<p><strong>Mission\u00e1rios no norte de Mo\u00e7ambique \u2014 \u00c1frica<\/strong><br>\n    \ud83d\udce7 abellauranove@gmail.com<\/p>\n<p><\/p><\/div>\n<div style=\"text-align:center;background:#1f4e79;color:white;padding:20px;margin-top:35px;border-radius:6px;\">\n    <strong>\ud83c\udf0d UMA IGREJA QUE ORA, UMA MISS\u00c3O QUE AVAN\u00c7A<\/strong><br>\n    Continue orando pela obra mission\u00e1ria no norte de Mo\u00e7ambique.\n  <\/div>\n<\/article>\n","protected":false},"excerpt":{"rendered":"<p>NOT\u00cdCIA MISSION\u00c1RIA \u2022 AGOSTO DE 2026 Miss\u00e3o em Mo\u00e7ambique: o Evangelho avan\u00e7a em meio a grandes desafios Mais de 30 pessoas foram batizadas, uma nova c\u00e9lula foi aberta e a igreja registra crescimento no norte de Mo\u00e7ambique. NORTE DE MO\u00c7AMBIQUE \u2014 \u00c1FRICA. A obra mission\u00e1ria no norte de Mo\u00e7ambique continua avan\u00e7ando. Em meio aos desafios [&hellip;]<\/p>\n","protected":false},"author":4,"featured_media":4798,"comment_status":"open","ping_status":"open","sticky":false,"template":"","format":"standard","meta":{"footnotes":""},"categories":[24],"tags":[20,22],"class_list":["post-4793","post","type-post","status-publish","format-standard","has-post-thumbnail","hentry","category-missoes","tag-igrejawesleyana","tag-wesleyanchurch"],"blocksy_meta":[],"_links":{"self":[{"href":"https:\/\/jornalproclamai.com.br\/index.php?rest_route=\/wp\/v2\/posts\/4793","targetHints":{"allow":["GET"]}}],"collection":[{"href":"https:\/\/jornalproclamai.com.br\/index.php?rest_route=\/wp\/v2\/posts"}],"about":[{"href":"https:\/\/jornalproclamai.com.br\/index.php?rest_route=\/wp\/v2\/types\/post"}],"author":[{"embeddable":true,"href":"https:\/\/jornalproclamai.com.br\/index.php?rest_route=\/wp\/v2\/users\/4"}],"replies":[{"embeddable":true,"href":"https:\/\/jornalproclamai.com.br\/index.php?rest_route=%2Fwp%2Fv2%2Fcomments&post=4793"}],"version-history":[{"count":3,"href":"https:\/\/jornalproclamai.com.br\/index.php?rest_route=\/wp\/v2\/posts\/4793\/revisions"}],"predecessor-version":[{"id":4801,"href":"https:\/\/jornalproclamai.com.br\/index.php?rest_route=\/wp\/v2\/posts\/4793\/revisions\/4801"}],"wp:featuredmedia":[{"embeddable":true,"href":"https:\/\/jornalproclamai.com.br\/index.php?rest_route=\/wp\/v2\/media\/4798"}],"wp:attachment":[{"href":"https:\/\/jornalproclamai.com.br\/index.php?rest_route=%2Fwp%2Fv2%2Fmedia&parent=4793"}],"wp:term":[{"taxonomy":"category","embeddable":true,"href":"https:\/\/jornalproclamai.com.br\/index.php?rest_route=%2Fwp%2Fv2%2Fcategories&post=4793"},{"taxonomy":"post_tag","embeddable":true,"href":"https:\/\/jornalproclamai.com.br\/index.php?rest_route=%2Fwp%2Fv2%2Ftags&post=4793"}],"curies":[{"name":"wp","href":"https:\/\/api.w.org\/{rel}","templated":true}]}}